{"id":207,"date":"2025-05-26T23:12:37","date_gmt":"2025-05-26T23:12:37","guid":{"rendered":"https:\/\/www.fredy.innovaiestp.org\/?p=207"},"modified":"2025-05-26T23:13:45","modified_gmt":"2025-05-26T23:13:45","slug":"capacitacion-a-nuestros-estudiantes","status":"publish","type":"post","link":"https:\/\/www.fredy.innovaiestp.org\/index.php\/2025\/05\/26\/capacitacion-a-nuestros-estudiantes\/","title":{"rendered":"CAPACITACI\u00d3N A NUESTROS ESTUDIANTES"},"content":{"rendered":"\n<h3 class=\"wp-block-heading\">Formaci\u00f3n integral para l\u00edderes del ma\u00f1ana<\/h3>\n\n\n\n<p>En el <strong>Colegio de Educaci\u00f3n Secundaria T\u00fapac Katari \u2013 Villa Socca<\/strong>, creemos que cada estudiante tiene un gran potencial por descubrir. Por eso, nuestra misi\u00f3n va m\u00e1s all\u00e1 de ense\u00f1ar materias: <strong>formamos seres humanos con valores, identidad y visi\u00f3n de futuro<\/strong>.<\/p>\n\n\n\n<hr class=\"wp-block-separator has-alpha-channel-opacity\"\/>\n\n\n\n<h3 class=\"wp-block-heading\">Talleres y programas formativos<\/h3>\n\n\n\n<p>Nuestros estudiantes participan en una variedad de <strong>talleres educativos y actividades extracurriculares<\/strong>, orientadas a desarrollar habilidades tanto acad\u00e9micas como personales:<\/p>\n\n\n\n<ul class=\"wp-block-list\">\n<li>Refuerzo en comunicaci\u00f3n y matem\u00e1tica.<\/li>\n\n\n\n<li>Talleres de liderazgo, autoestima y convivencia escolar.<\/li>\n\n\n\n<li>Actividades art\u00edsticas, culturales y deportivas.<\/li>\n\n\n\n<li>Charlas de orientaci\u00f3n vocacional y profesional.<\/li>\n<\/ul>\n\n\n\n<hr class=\"wp-block-separator has-alpha-channel-opacity\"\/>\n\n\n\n<h3 class=\"wp-block-heading\">Preparaci\u00f3n para los retos del siglo XXI<\/h3>\n\n\n\n<p>Gracias al enfoque <strong>JEC (Jornada Escolar Completa)<\/strong>, nuestros alumnos reciben m\u00e1s horas de formaci\u00f3n, incluyendo el uso de tecnolog\u00edas, acceso a bibliotecas virtuales y capacitaci\u00f3n en competencias digitales. <strong>Se preparan no solo para rendir bien en clase, sino para comprender y transformar su entorno.<\/strong><\/p>\n\n\n\n<hr class=\"wp-block-separator has-alpha-channel-opacity\"\/>\n\n\n\n<h3 class=\"wp-block-heading\">Acompa\u00f1amiento constante<\/h3>\n\n\n\n<p>Cada estudiante cuenta con el acompa\u00f1amiento cercano de sus docentes y tutores, quienes los gu\u00edan, motivan y ayudan a superar dificultades. <strong>Nuestra educaci\u00f3n es humana, cercana y personalizada.<\/strong><\/p>\n\n\n\n<hr class=\"wp-block-separator has-alpha-channel-opacity\"\/>\n\n\n\n<h3 class=\"wp-block-heading\">Con ra\u00edces firmes y alas para volar<\/h3>\n\n\n\n<p>Fieles al legado de nuestros antepasados y al esp\u00edritu de T\u00fapac Katari, <strong>educamos con orgullo por lo que somos y con esperanza por lo que podemos llegar a ser<\/strong>. En cada clase, en cada proyecto, nuestros estudiantes aprenden a pensar, a crear y a so\u00f1ar.<\/p>\n","protected":false},"excerpt":{"rendered":"<p>En el Colegio de Educaci\u00f3n Secundaria T\u00fapac Katari \u2013 Villa Socca, creemos que cada estudiante tiene un gran potencial por descubrir. Por eso, nuestra misi\u00f3n va m\u00e1s all\u00e1 de ense\u00f1ar materias: formamos seres humanos con valores, identidad y visi\u00f3n de futuro.<\/p>\n","protected":false},"author":1,"featured_media":208,"comment_status":"open","ping_status":"open","sticky":false,"template":"","format":"standard","meta":{"footnotes":""},"categories":[4],"tags":[],"class_list":["post-207","post","type-post","status-publish","format-standard","has-post-thumbnail","hentry","category-cat_01"],"yoast_head":"<!-- This site is optimized with the Yoast SEO plugin v25.1 - https:\/\/yoast.com\/wordpress\/plugins\/seo\/ -->\n<title>CAPACITACI\u00d3N A NUESTROS ESTUDIANTES - INSTITUCION EDUCATIVA TUPAQ KATARI SOCCA<\/title>\n<meta name=\"robots\" content=\"index, follow, max-snippet:-1, max-image-preview:large, max-video-preview:-1\" \/>\n<link rel=\"canonical\" href=\"https:\/\/www.fredy.innovaiestp.org\/index.php\/2025\/05\/26\/capacitacion-a-nuestros-estudiantes\/\" \/>\n<meta property=\"og:locale\" content=\"es_ES\" \/>\n<meta property=\"og:type\" content=\"article\" \/>\n<meta property=\"og:title\" content=\"CAPACITACI\u00d3N A NUESTROS ESTUDIANTES - INSTITUCION EDUCATIVA TUPAQ KATARI SOCCA\" \/>\n<meta property=\"og:description\" content=\"En el Colegio de Educaci\u00f3n Secundaria T\u00fapac Katari \u2013 Villa Socca, creemos que cada estudiante tiene un gran potencial por descubrir. Por eso, nuestra misi\u00f3n va m\u00e1s all\u00e1 de ense\u00f1ar materias: formamos seres humanos con valores, identidad y visi\u00f3n de futuro.\" \/>\n<meta property=\"og:url\" content=\"https:\/\/www.fredy.innovaiestp.org\/index.php\/2025\/05\/26\/capacitacion-a-nuestros-estudiantes\/\" \/>\n<meta property=\"og:site_name\" content=\"INSTITUCION EDUCATIVA TUPAQ KATARI SOCCA\" \/>\n<meta property=\"article:published_time\" content=\"2025-05-26T23:12:37+00:00\" \/>\n<meta property=\"article:modified_time\" content=\"2025-05-26T23:13:45+00:00\" \/>\n<meta property=\"og:image\" content=\"https:\/\/www.fredy.innovaiestp.org\/wp-content\/uploads\/2025\/05\/CAPACITACION.jpg\" \/>\n\t<meta property=\"og:image:width\" content=\"273\" \/>\n\t<meta property=\"og:image:height\" content=\"184\" \/>\n\t<meta property=\"og:image:type\" content=\"image\/jpeg\" \/>\n<meta name=\"author\" content=\"admin\" \/>\n<meta name=\"twitter:card\" content=\"summary_large_image\" \/>\n<meta name=\"twitter:label1\" content=\"Escrito por\" \/>\n\t<meta name=\"twitter:data1\" content=\"admin\" \/>\n\t<meta name=\"twitter:label2\" content=\"Tiempo de lectura\" \/>\n\t<meta name=\"twitter:data2\" content=\"2 minutos\" \/>\n<script type=\"application\/ld+json\" class=\"yoast-schema-graph\">{\"@context\":\"https:\/\/schema.org\",\"@graph\":[{\"@type\":\"Article\",\"@id\":\"https:\/\/www.fredy.innovaiestp.org\/index.php\/2025\/05\/26\/capacitacion-a-nuestros-estudiantes\/#article\",\"isPartOf\":{\"@id\":\"https:\/\/www.fredy.innovaiestp.org\/index.php\/2025\/05\/26\/capacitacion-a-nuestros-estudiantes\/\"},\"author\":{\"name\":\"admin\",\"@id\":\"https:\/\/www.fredy.innovaiestp.org\/#\/schema\/person\/1e5c376afca49c0b791f5603390a30cb\"},\"headline\":\"CAPACITACI\u00d3N A NUESTROS ESTUDIANTES\",\"datePublished\":\"2025-05-26T23:12:37+00:00\",\"dateModified\":\"2025-05-26T23:13:45+00:00\",\"mainEntityOfPage\":{\"@id\":\"https:\/\/www.fredy.innovaiestp.org\/index.php\/2025\/05\/26\/capacitacion-a-nuestros-estudiantes\/\"},\"wordCount\":258,\"commentCount\":0,\"publisher\":{\"@id\":\"https:\/\/www.fredy.innovaiestp.org\/#organization\"},\"image\":{\"@id\":\"https:\/\/www.fredy.innovaiestp.org\/index.php\/2025\/05\/26\/capacitacion-a-nuestros-estudiantes\/#primaryimage\"},\"thumbnailUrl\":\"https:\/\/www.fredy.innovaiestp.org\/wp-content\/uploads\/2025\/05\/CAPACITACION.jpg\",\"articleSection\":[\"CAT_01\"],\"inLanguage\":\"es\",\"potentialAction\":[{\"@type\":\"CommentAction\",\"name\":\"Comment\",\"target\":[\"https:\/\/www.fredy.innovaiestp.org\/index.php\/2025\/05\/26\/capacitacion-a-nuestros-estudiantes\/#respond\"]}]},{\"@type\":\"WebPage\",\"@id\":\"https:\/\/www.fredy.innovaiestp.org\/index.php\/2025\/05\/26\/capacitacion-a-nuestros-estudiantes\/\",\"url\":\"https:\/\/www.fredy.innovaiestp.org\/index.php\/2025\/05\/26\/capacitacion-a-nuestros-estudiantes\/\",\"name\":\"CAPACITACI\u00d3N A NUESTROS ESTUDIANTES - INSTITUCION EDUCATIVA TUPAQ KATARI SOCCA\",\"isPartOf\":{\"@id\":\"https:\/\/www.fredy.innovaiestp.org\/#website\"},\"primaryImageOfPage\":{\"@id\":\"https:\/\/www.fredy.innovaiestp.org\/index.php\/2025\/05\/26\/capacitacion-a-nuestros-estudiantes\/#primaryimage\"},\"image\":{\"@id\":\"https:\/\/www.fredy.innovaiestp.org\/index.php\/2025\/05\/26\/capacitacion-a-nuestros-estudiantes\/#primaryimage\"},\"thumbnailUrl\":\"https:\/\/www.fredy.innovaiestp.org\/wp-content\/uploads\/2025\/05\/CAPACITACION.jpg\",\"datePublished\":\"2025-05-26T23:12:37+00:00\",\"dateModified\":\"2025-05-26T23:13:45+00:00\",\"breadcrumb\":{\"@id\":\"https:\/\/www.fredy.innovaiestp.org\/index.php\/2025\/05\/26\/capacitacion-a-nuestros-estudiantes\/#breadcrumb\"},\"inLanguage\":\"es\",\"potentialAction\":[{\"@type\":\"ReadAction\",\"target\":[\"https:\/\/www.fredy.innovaiestp.org\/index.php\/2025\/05\/26\/capacitacion-a-nuestros-estudiantes\/\"]}]},{\"@type\":\"ImageObject\",\"inLanguage\":\"es\",\"@id\":\"https:\/\/www.fredy.innovaiestp.org\/index.php\/2025\/05\/26\/capacitacion-a-nuestros-estudiantes\/#primaryimage\",\"url\":\"https:\/\/www.fredy.innovaiestp.org\/wp-content\/uploads\/2025\/05\/CAPACITACION.jpg\",\"contentUrl\":\"https:\/\/www.fredy.innovaiestp.org\/wp-content\/uploads\/2025\/05\/CAPACITACION.jpg\",\"width\":273,\"height\":184},{\"@type\":\"BreadcrumbList\",\"@id\":\"https:\/\/www.fredy.innovaiestp.org\/index.php\/2025\/05\/26\/capacitacion-a-nuestros-estudiantes\/#breadcrumb\",\"itemListElement\":[{\"@type\":\"ListItem\",\"position\":1,\"name\":\"Portada\",\"item\":\"https:\/\/www.fredy.innovaiestp.org\/\"},{\"@type\":\"ListItem\",\"position\":2,\"name\":\"CAPACITACI\u00d3N A NUESTROS ESTUDIANTES\"}]},{\"@type\":\"WebSite\",\"@id\":\"https:\/\/www.fredy.innovaiestp.org\/#website\",\"url\":\"https:\/\/www.fredy.innovaiestp.org\/\",\"name\":\"INSTITUCION EDUCATIVA TUPAQ KATARI SOCCA\",\"description\":\"Colegio de jornada escolar completa (jec) es una pol\u00edtica educativa implementada por el Ministerio de Educaci\u00f3n del Per\u00fa desde el a\u00f1o 2015. Su objetivo principal es mejorar la calidad del aprendizaje en las instituciones educativas p\u00fablicas de nivel secundario.\",\"publisher\":{\"@id\":\"https:\/\/www.fredy.innovaiestp.org\/#organization\"},\"potentialAction\":[{\"@type\":\"SearchAction\",\"target\":{\"@type\":\"EntryPoint\",\"urlTemplate\":\"https:\/\/www.fredy.innovaiestp.org\/?s={search_term_string}\"},\"query-input\":{\"@type\":\"PropertyValueSpecification\",\"valueRequired\":true,\"valueName\":\"search_term_string\"}}],\"inLanguage\":\"es\"},{\"@type\":\"Organization\",\"@id\":\"https:\/\/www.fredy.innovaiestp.org\/#organization\",\"name\":\"INSTITUCION EDUCATIVA TUPAQ KATARI SOCCA\",\"url\":\"https:\/\/www.fredy.innovaiestp.org\/\",\"logo\":{\"@type\":\"ImageObject\",\"inLanguage\":\"es\",\"@id\":\"https:\/\/www.fredy.innovaiestp.org\/#\/schema\/logo\/image\/\",\"url\":\"https:\/\/www.fredy.innovaiestp.org\/wp-content\/uploads\/2025\/05\/cropped-insignia-tk-1.png\",\"contentUrl\":\"https:\/\/www.fredy.innovaiestp.org\/wp-content\/uploads\/2025\/05\/cropped-insignia-tk-1.png\",\"width\":50,\"height\":50,\"caption\":\"INSTITUCION EDUCATIVA TUPAQ KATARI SOCCA\"},\"image\":{\"@id\":\"https:\/\/www.fredy.innovaiestp.org\/#\/schema\/logo\/image\/\"}},{\"@type\":\"Person\",\"@id\":\"https:\/\/www.fredy.innovaiestp.org\/#\/schema\/person\/1e5c376afca49c0b791f5603390a30cb\",\"name\":\"admin\",\"image\":{\"@type\":\"ImageObject\",\"inLanguage\":\"es\",\"@id\":\"https:\/\/www.fredy.innovaiestp.org\/#\/schema\/person\/image\/\",\"url\":\"https:\/\/secure.gravatar.com\/avatar\/e987c7ff8df89b8a4d677976d84cfe252efc28f1d25670e58b10311b3d4f2166?s=96&d=mm&r=g\",\"contentUrl\":\"https:\/\/secure.gravatar.com\/avatar\/e987c7ff8df89b8a4d677976d84cfe252efc28f1d25670e58b10311b3d4f2166?s=96&d=mm&r=g\",\"caption\":\"admin\"},\"sameAs\":[\"http:\/\/www.fredy.innovaiestp.org\"],\"url\":\"https:\/\/www.fredy.innovaiestp.org\/index.php\/author\/admin\/\"}]}<\/script>\n<!-- \/ Yoast SEO plugin. -->","yoast_head_json":{"title":"CAPACITACI\u00d3N A NUESTROS ESTUDIANTES - INSTITUCION EDUCATIVA TUPAQ KATARI SOCCA","robots":{"index":"index","follow":"follow","max-snippet":"max-snippet:-1","max-image-preview":"max-image-preview:large","max-video-preview":"max-video-preview:-1"},"canonical":"https:\/\/www.fredy.innovaiestp.org\/index.php\/2025\/05\/26\/capacitacion-a-nuestros-estudiantes\/","og_locale":"es_ES","og_type":"article","og_title":"CAPACITACI\u00d3N A NUESTROS ESTUDIANTES - INSTITUCION EDUCATIVA TUPAQ KATARI SOCCA","og_description":"En el Colegio de Educaci\u00f3n Secundaria T\u00fapac Katari \u2013 Villa Socca, creemos que cada estudiante tiene un gran potencial por descubrir. Por eso, nuestra misi\u00f3n va m\u00e1s all\u00e1 de ense\u00f1ar materias: formamos seres humanos con valores, identidad y visi\u00f3n de futuro.","og_url":"https:\/\/www.fredy.innovaiestp.org\/index.php\/2025\/05\/26\/capacitacion-a-nuestros-estudiantes\/","og_site_name":"INSTITUCION EDUCATIVA TUPAQ KATARI SOCCA","article_published_time":"2025-05-26T23:12:37+00:00","article_modified_time":"2025-05-26T23:13:45+00:00","og_image":[{"width":273,"height":184,"url":"https:\/\/www.fredy.innovaiestp.org\/wp-content\/uploads\/2025\/05\/CAPACITACION.jpg","type":"image\/jpeg"}],"author":"admin","twitter_card":"summary_large_image","twitter_misc":{"Escrito por":"admin","Tiempo de lectura":"2 minutos"},"schema":{"@context":"https:\/\/schema.org","@graph":[{"@type":"Article","@id":"https:\/\/www.fredy.innovaiestp.org\/index.php\/2025\/05\/26\/capacitacion-a-nuestros-estudiantes\/#article","isPartOf":{"@id":"https:\/\/www.fredy.innovaiestp.org\/index.php\/2025\/05\/26\/capacitacion-a-nuestros-estudiantes\/"},"author":{"name":"admin","@id":"https:\/\/www.fredy.innovaiestp.org\/#\/schema\/person\/1e5c376afca49c0b791f5603390a30cb"},"headline":"CAPACITACI\u00d3N A NUESTROS ESTUDIANTES","datePublished":"2025-05-26T23:12:37+00:00","dateModified":"2025-05-26T23:13:45+00:00","mainEntityOfPage":{"@id":"https:\/\/www.fredy.innovaiestp.org\/index.php\/2025\/05\/26\/capacitacion-a-nuestros-estudiantes\/"},"wordCount":258,"commentCount":0,"publisher":{"@id":"https:\/\/www.fredy.innovaiestp.org\/#organization"},"image":{"@id":"https:\/\/www.fredy.innovaiestp.org\/index.php\/2025\/05\/26\/capacitacion-a-nuestros-estudiantes\/#primaryimage"},"thumbnailUrl":"https:\/\/www.fredy.innovaiestp.org\/wp-content\/uploads\/2025\/05\/CAPACITACION.jpg","articleSection":["CAT_01"],"inLanguage":"es","potentialAction":[{"@type":"CommentAction","name":"Comment","target":["https:\/\/www.fredy.innovaiestp.org\/index.php\/2025\/05\/26\/capacitacion-a-nuestros-estudiantes\/#respond"]}]},{"@type":"WebPage","@id":"https:\/\/www.fredy.innovaiestp.org\/index.php\/2025\/05\/26\/capacitacion-a-nuestros-estudiantes\/","url":"https:\/\/www.fredy.innovaiestp.org\/index.php\/2025\/05\/26\/capacitacion-a-nuestros-estudiantes\/","name":"CAPACITACI\u00d3N A NUESTROS ESTUDIANTES - INSTITUCION EDUCATIVA TUPAQ KATARI SOCCA","isPartOf":{"@id":"https:\/\/www.fredy.innovaiestp.org\/#website"},"primaryImageOfPage":{"@id":"https:\/\/www.fredy.innovaiestp.org\/index.php\/2025\/05\/26\/capacitacion-a-nuestros-estudiantes\/#primaryimage"},"image":{"@id":"https:\/\/www.fredy.innovaiestp.org\/index.php\/2025\/05\/26\/capacitacion-a-nuestros-estudiantes\/#primaryimage"},"thumbnailUrl":"https:\/\/www.fredy.innovaiestp.org\/wp-content\/uploads\/2025\/05\/CAPACITACION.jpg","datePublished":"2025-05-26T23:12:37+00:00","dateModified":"2025-05-26T23:13:45+00:00","breadcrumb":{"@id":"https:\/\/www.fredy.innovaiestp.org\/index.php\/2025\/05\/26\/capacitacion-a-nuestros-estudiantes\/#breadcrumb"},"inLanguage":"es","potentialAction":[{"@type":"ReadAction","target":["https:\/\/www.fredy.innovaiestp.org\/index.php\/2025\/05\/26\/capacitacion-a-nuestros-estudiantes\/"]}]},{"@type":"ImageObject","inLanguage":"es","@id":"https:\/\/www.fredy.innovaiestp.org\/index.php\/2025\/05\/26\/capacitacion-a-nuestros-estudiantes\/#primaryimage","url":"https:\/\/www.fredy.innovaiestp.org\/wp-content\/uploads\/2025\/05\/CAPACITACION.jpg","contentUrl":"https:\/\/www.fredy.innovaiestp.org\/wp-content\/uploads\/2025\/05\/CAPACITACION.jpg","width":273,"height":184},{"@type":"BreadcrumbList","@id":"https:\/\/www.fredy.innovaiestp.org\/index.php\/2025\/05\/26\/capacitacion-a-nuestros-estudiantes\/#breadcrumb","itemListElement":[{"@type":"ListItem","position":1,"name":"Portada","item":"https:\/\/www.fredy.innovaiestp.org\/"},{"@type":"ListItem","position":2,"name":"CAPACITACI\u00d3N A NUESTROS ESTUDIANTES"}]},{"@type":"WebSite","@id":"https:\/\/www.fredy.innovaiestp.org\/#website","url":"https:\/\/www.fredy.innovaiestp.org\/","name":"INSTITUCION EDUCATIVA TUPAQ KATARI SOCCA","description":"Colegio de jornada escolar completa (jec) es una pol\u00edtica educativa implementada por el Ministerio de Educaci\u00f3n del Per\u00fa desde el a\u00f1o 2015. Su objetivo principal es mejorar la calidad del aprendizaje en las instituciones educativas p\u00fablicas de nivel secundario.","publisher":{"@id":"https:\/\/www.fredy.innovaiestp.org\/#organization"},"potentialAction":[{"@type":"SearchAction","target":{"@type":"EntryPoint","urlTemplate":"https:\/\/www.fredy.innovaiestp.org\/?s={search_term_string}"},"query-input":{"@type":"PropertyValueSpecification","valueRequired":true,"valueName":"search_term_string"}}],"inLanguage":"es"},{"@type":"Organization","@id":"https:\/\/www.fredy.innovaiestp.org\/#organization","name":"INSTITUCION EDUCATIVA TUPAQ KATARI SOCCA","url":"https:\/\/www.fredy.innovaiestp.org\/","logo":{"@type":"ImageObject","inLanguage":"es","@id":"https:\/\/www.fredy.innovaiestp.org\/#\/schema\/logo\/image\/","url":"https:\/\/www.fredy.innovaiestp.org\/wp-content\/uploads\/2025\/05\/cropped-insignia-tk-1.png","contentUrl":"https:\/\/www.fredy.innovaiestp.org\/wp-content\/uploads\/2025\/05\/cropped-insignia-tk-1.png","width":50,"height":50,"caption":"INSTITUCION EDUCATIVA TUPAQ KATARI SOCCA"},"image":{"@id":"https:\/\/www.fredy.innovaiestp.org\/#\/schema\/logo\/image\/"}},{"@type":"Person","@id":"https:\/\/www.fredy.innovaiestp.org\/#\/schema\/person\/1e5c376afca49c0b791f5603390a30cb","name":"admin","image":{"@type":"ImageObject","inLanguage":"es","@id":"https:\/\/www.fredy.innovaiestp.org\/#\/schema\/person\/image\/","url":"https:\/\/secure.gravatar.com\/avatar\/e987c7ff8df89b8a4d677976d84cfe252efc28f1d25670e58b10311b3d4f2166?s=96&d=mm&r=g","contentUrl":"https:\/\/secure.gravatar.com\/avatar\/e987c7ff8df89b8a4d677976d84cfe252efc28f1d25670e58b10311b3d4f2166?s=96&d=mm&r=g","caption":"admin"},"sameAs":["http:\/\/www.fredy.innovaiestp.org"],"url":"https:\/\/www.fredy.innovaiestp.org\/index.php\/author\/admin\/"}]}},"_links":{"self":[{"href":"https:\/\/www.fredy.innovaiestp.org\/index.php\/wp-json\/wp\/v2\/posts\/207","targetHints":{"allow":["GET"]}}],"collection":[{"href":"https:\/\/www.fredy.innovaiestp.org\/index.php\/wp-json\/wp\/v2\/posts"}],"about":[{"href":"https:\/\/www.fredy.innovaiestp.org\/index.php\/wp-json\/wp\/v2\/types\/post"}],"author":[{"embeddable":true,"href":"https:\/\/www.fredy.innovaiestp.org\/index.php\/wp-json\/wp\/v2\/users\/1"}],"replies":[{"embeddable":true,"href":"https:\/\/www.fredy.innovaiestp.org\/index.php\/wp-json\/wp\/v2\/comments?post=207"}],"version-history":[{"count":1,"href":"https:\/\/www.fredy.innovaiestp.org\/index.php\/wp-json\/wp\/v2\/posts\/207\/revisions"}],"predecessor-version":[{"id":209,"href":"https:\/\/www.fredy.innovaiestp.org\/index.php\/wp-json\/wp\/v2\/posts\/207\/revisions\/209"}],"wp:featuredmedia":[{"embeddable":true,"href":"https:\/\/www.fredy.innovaiestp.org\/index.php\/wp-json\/wp\/v2\/media\/208"}],"wp:attachment":[{"href":"https:\/\/www.fredy.innovaiestp.org\/index.php\/wp-json\/wp\/v2\/media?parent=207"}],"wp:term":[{"taxonomy":"category","embeddable":true,"href":"https:\/\/www.fredy.innovaiestp.org\/index.php\/wp-json\/wp\/v2\/categories?post=207"},{"taxonomy":"post_tag","embeddable":true,"href":"https:\/\/www.fredy.innovaiestp.org\/index.php\/wp-json\/wp\/v2\/tags?post=207"}],"curies":[{"name":"wp","href":"https:\/\/api.w.org\/{rel}","templated":true}]}}